


{"id":5571,"date":"2024-09-18T13:49:12","date_gmt":"2024-09-18T13:49:12","guid":{"rendered":"https:\/\/lacombe-avocats.fr\/?p=5571"},"modified":"2024-10-02T07:17:52","modified_gmt":"2024-10-02T07:17:52","slug":"in-favour-of-tax-stability","status":"publish","type":"post","link":"https:\/\/lacombe-avocats.fr\/en\/in-favour-of-tax-stability\/","title":{"rendered":"In favour of tax stability"},"content":{"rendered":"[vc_row type=&#8221;full_width_background&#8221; full_screen_row_position=&#8221;middle&#8221; column_margin=&#8221;default&#8221; column_direction=&#8221;default&#8221; column_direction_tablet=&#8221;default&#8221; column_direction_phone=&#8221;default&#8221; bg_color=&#8221;#ffffff&#8221; scene_position=&#8221;center&#8221; text_color=&#8221;dark&#8221; text_align=&#8221;left&#8221; row_border_radius=&#8221;none&#8221; row_border_radius_applies=&#8221;bg&#8221; overflow=&#8221;visible&#8221; overlay_strength=&#8221;0.3&#8243; gradient_direction=&#8221;left_to_right&#8221; shape_divider_position=&#8221;bottom&#8221; bg_image_animation=&#8221;none&#8221; gradient_type=&#8221;default&#8221; shape_type=&#8221;&#8221;][vc_column column_padding=&#8221;no-extra-padding&#8221; column_padding_tablet=&#8221;inherit&#8221; column_padding_phone=&#8221;inherit&#8221; column_padding_position=&#8221;all&#8221; column_element_direction_desktop=&#8221;default&#8221; column_element_spacing=&#8221;default&#8221; centered_text=&#8221;true&#8221; desktop_text_alignment=&#8221;default&#8221; tablet_text_alignment=&#8221;default&#8221; phone_text_alignment=&#8221;default&#8221; background_color_opacity=&#8221;1&#8243; background_hover_color_opacity=&#8221;1&#8243; column_backdrop_filter=&#8221;none&#8221; column_shadow=&#8221;none&#8221; column_border_radius=&#8221;none&#8221; column_link_target=&#8221;_self&#8221; column_position=&#8221;default&#8221; gradient_direction=&#8221;left_to_right&#8221; overlay_strength=&#8221;0.3&#8243; width=&#8221;1\/1&#8243; tablet_width_inherit=&#8221;default&#8221; animation_type=&#8221;default&#8221; bg_image_animation=&#8221;none&#8221; border_type=&#8221;simple&#8221; column_border_width=&#8221;none&#8221; column_border_style=&#8221;solid&#8221; column_padding_type=&#8221;default&#8221; gradient_type=&#8221;default&#8221;][vc_row_inner column_margin=&#8221;default&#8221; column_direction=&#8221;default&#8221; column_direction_tablet=&#8221;default&#8221; column_direction_phone=&#8221;default&#8221; text_align=&#8221;left&#8221; row_position=&#8221;default&#8221; row_position_tablet=&#8221;inherit&#8221; row_position_phone=&#8221;inherit&#8221; overflow=&#8221;visible&#8221; pointer_events=&#8221;all&#8221;][vc_column_inner column_padding=&#8221;no-extra-padding&#8221; column_padding_tablet=&#8221;inherit&#8221; column_padding_phone=&#8221;inherit&#8221; column_padding_position=&#8221;all&#8221; column_element_direction_desktop=&#8221;default&#8221; column_element_spacing=&#8221;default&#8221; desktop_text_alignment=&#8221;default&#8221; tablet_text_alignment=&#8221;default&#8221; phone_text_alignment=&#8221;default&#8221; background_color_opacity=&#8221;1&#8243; background_hover_color_opacity=&#8221;1&#8243; column_backdrop_filter=&#8221;none&#8221; column_shadow=&#8221;none&#8221; column_border_radius=&#8221;none&#8221; column_link_target=&#8221;_self&#8221; overflow=&#8221;visible&#8221; gradient_direction=&#8221;left_to_right&#8221; overlay_strength=&#8221;0.3&#8243; width=&#8221;1\/3&#8243; tablet_width_inherit=&#8221;default&#8221; animation_type=&#8221;default&#8221; bg_image_animation=&#8221;none&#8221; border_type=&#8221;simple&#8221; column_border_width=&#8221;none&#8221; column_border_style=&#8221;solid&#8221;][\/vc_column_inner][vc_column_inner column_padding=&#8221;no-extra-padding&#8221; column_padding_tablet=&#8221;inherit&#8221; column_padding_phone=&#8221;inherit&#8221; column_padding_position=&#8221;all&#8221; column_element_direction_desktop=&#8221;default&#8221; column_element_spacing=&#8221;default&#8221; centered_text=&#8221;true&#8221; desktop_text_alignment=&#8221;default&#8221; tablet_text_alignment=&#8221;default&#8221; phone_text_alignment=&#8221;default&#8221; background_color_opacity=&#8221;1&#8243; background_hover_color_opacity=&#8221;1&#8243; column_backdrop_filter=&#8221;none&#8221; column_shadow=&#8221;none&#8221; column_border_radius=&#8221;none&#8221; column_link_target=&#8221;_self&#8221; overflow=&#8221;visible&#8221; advanced_gradient_angle=&#8221;0&#8243; gradient_direction=&#8221;left_to_right&#8221; overlay_strength=&#8221;0.3&#8243; width=&#8221;1\/3&#8243; tablet_width_inherit=&#8221;default&#8221; animation_type=&#8221;default&#8221; bg_image_animation=&#8221;none&#8221; border_type=&#8221;simple&#8221; column_border_width=&#8221;none&#8221; column_border_style=&#8221;solid&#8221; gradient_type=&#8221;default&#8221;][image_with_animation image_url=&#8221;5576&#8243; image_size=&#8221;large&#8221; animation_type=&#8221;entrance&#8221; animation=&#8221;None&#8221; animation_movement_type=&#8221;transform_y&#8221; hover_animation=&#8221;none&#8221; alignment=&#8221;center&#8221; border_radius=&#8221;none&#8221; box_shadow=&#8221;none&#8221; image_loading=&#8221;default&#8221; max_width=&#8221;custom&#8221; max_width_custom=&#8221;60%&#8221; max_width_custom_tablet=&#8221;50%&#8221; max_width_custom_phone=&#8221;30%&#8221;][\/vc_column_inner][vc_column_inner column_padding=&#8221;no-extra-padding&#8221; column_padding_tablet=&#8221;inherit&#8221; column_padding_phone=&#8221;inherit&#8221; column_padding_position=&#8221;all&#8221; column_element_direction_desktop=&#8221;default&#8221; column_element_spacing=&#8221;default&#8221; desktop_text_alignment=&#8221;default&#8221; tablet_text_alignment=&#8221;default&#8221; phone_text_alignment=&#8221;default&#8221; background_color_opacity=&#8221;1&#8243; background_hover_color_opacity=&#8221;1&#8243; column_backdrop_filter=&#8221;none&#8221; column_shadow=&#8221;none&#8221; column_border_radius=&#8221;none&#8221; column_link_target=&#8221;_self&#8221; overflow=&#8221;visible&#8221; gradient_direction=&#8221;left_to_right&#8221; overlay_strength=&#8221;0.3&#8243; width=&#8221;1\/3&#8243; tablet_width_inherit=&#8221;default&#8221; animation_type=&#8221;default&#8221; bg_image_animation=&#8221;none&#8221; border_type=&#8221;simple&#8221; column_border_width=&#8221;none&#8221; column_border_style=&#8221;solid&#8221;][\/vc_column_inner][\/vc_row_inner][\/vc_column][\/vc_row][vc_row type=&#8221;in_container&#8221; full_screen_row_position=&#8221;middle&#8221; column_margin=&#8221;default&#8221; column_direction=&#8221;default&#8221; column_direction_tablet=&#8221;default&#8221; column_direction_phone=&#8221;default&#8221; scene_position=&#8221;center&#8221; text_color=&#8221;dark&#8221; text_align=&#8221;left&#8221; row_border_radius=&#8221;none&#8221; row_border_radius_applies=&#8221;bg&#8221; overflow=&#8221;visible&#8221; overlay_strength=&#8221;0.3&#8243; gradient_direction=&#8221;left_to_right&#8221; shape_divider_position=&#8221;bottom&#8221; bg_image_animation=&#8221;none&#8221;][vc_column column_padding=&#8221;no-extra-padding&#8221; column_padding_tablet=&#8221;inherit&#8221; column_padding_phone=&#8221;inherit&#8221; column_padding_position=&#8221;all&#8221; column_element_direction_desktop=&#8221;default&#8221; column_element_spacing=&#8221;default&#8221; desktop_text_alignment=&#8221;default&#8221; tablet_text_alignment=&#8221;default&#8221; phone_text_alignment=&#8221;default&#8221; background_color_opacity=&#8221;1&#8243; background_hover_color_opacity=&#8221;1&#8243; column_backdrop_filter=&#8221;none&#8221; column_shadow=&#8221;none&#8221; column_border_radius=&#8221;none&#8221; column_link_target=&#8221;_self&#8221; column_position=&#8221;default&#8221; gradient_direction=&#8221;left_to_right&#8221; overlay_strength=&#8221;0.3&#8243; width=&#8221;1\/1&#8243; tablet_width_inherit=&#8221;default&#8221; animation_type=&#8221;default&#8221; bg_image_animation=&#8221;none&#8221; border_type=&#8221;simple&#8221; column_border_width=&#8221;none&#8221; column_border_style=&#8221;solid&#8221;][vc_column_text css=&#8221;&#8221; text_direction=&#8221;default&#8221; el_class=&#8221;justify&#8221;]\n<h2>Despite calls to repeal this or that measure and reduce the deficit, the future government must maintain a degree of tax stability, according to several tax lawyers. They are calling for the preservation of tax arrangements that they have identified as virtuous for the French economic fabric.<\/h2>\n[\/vc_column_text][vc_column_text css=&#8221;&#8221; el_class=&#8221;justify&#8221; text_direction=&#8221;default&#8221;]We, the tax lawyers, call on members of parliament and the future government to exercise moderation and discernment in the forthcoming tax reforms.<\/p>\n<p>Taxation is central to the economic programmes of the various political parties. In the current political climate, calls for far-reaching changes to tax legislation are multiplying.<\/p>\n<p>Quite apart from any partisan considerations about the level of compulsory deductions or the efficiency of public finances, we believe it is imperative to preserve the tax arrangements that we have seen make a real contribution to France&#8217;s attractiveness.[\/vc_column_text][vc_column_text css=&#8221;&#8221; text_direction=&#8221;default&#8221;]\n<h3>Preserving current tax arrangements<\/h3>\n[\/vc_column_text][vc_column_text css=&#8221;&#8221; text_direction=&#8221;default&#8221;]The rate of corporation tax is a predominant criterion in a company&#8217;s choice of location and expansion. The reduction in this rate (which has enabled France to return to the European average) has sent out a strong signal to French and foreign entrepreneurs and investors.<\/p>\n<p>The introduction of a flat tax on capital income (30%, rising to 34% for high earners) has simplified the tax landscape and encouraged private individuals to invest in businesses, thereby strengthening the French economic fabric.<\/p>\n<p>The research tax credit (cr\u00e9dit d&#8217;imp\u00f4t recherche), which provides a tax reduction on research expenditure, enables French companies to remain at the cutting edge of technology and encourages foreign companies to open research centres in France.<\/p>\n<p>The Dutreil Pact, which encourages business transfers, helps to preserve France&#8217;s entrepreneurial heritage. This scheme enables SMEs and ETIs &#8211; the heart of our economy &#8211; to remain within the family rather than being sold to foreign funds or groups.[\/vc_column_text][vc_column_text css=&#8221;&#8221; text_direction=&#8221;default&#8221;]\n<h3>Adjustments and improvements<\/h3>\n[\/vc_column_text][vc_column_text css=&#8221;&#8221; text_direction=&#8221;default&#8221;]Naturally, we are not advocating the immutability of tax rules. The aforementioned systems certainly deserve adjustments and improvements and, above all, they must be able to evolve to adapt to constantly changing economic or societal circumstances.<\/p>\n<p>On the other hand, we would remind those who call for outright repeal &#8211; on the pretext that these measures could be misused or abused &#8211; that the administration firmly defends their proper application and that judges are the guarantors of their integrity.<\/p>\n<p>Finally, we can testify that fiscal stability is a lever for growth. When the norm is predictable, businesses and investors can plan for the long term, invest and hire. The relative fiscal stability of recent years has certainly helped to attract capital, both French and foreign, and has fuelled job creation.<\/p>\n<p>We are aware that the current context will necessarily have an impact on the content of future tax measures: reducing the budget deficit, financing the energy transition, maintaining purchasing power, reducing inequalities, and so on. The exercise will be made all the more difficult by the fact that the Finance Bill for 2025 will have to be tabled on the second Tuesday in October at the latest.<\/p>\n<p>It is in this context that we are calling for moderation and reflection before any tax reform. It&#8217;s not a question of putting the brakes on change, but of conducting it with discernment, taking into account past successes and current imperatives. In short, we are calling for reform without reversal.[\/vc_column_text][vc_column_text css=&#8221;&#8221; text_direction=&#8221;default&#8221;]<b>The signatories of the tribune:<\/b><\/p>\n<p><b>Pierre Bonamy <\/b><i>is a member of Reinhart Marville Torre.<br \/>\n<\/i><b>Romain Daguzan <\/b><i>is a member of the Arsene firm.<br \/>\n<\/i><b>Rachel Dress <\/b><i>is a member of Act Legal.<br \/>\n<\/i><b>Benoit Galichon <\/b><i>is a member of the law firm Fidal Avocats.<br \/>\n<\/i><b>Laure-Lise Giner <\/b><i>is a member of the firm Farewell Tax.<br \/>\n<\/i><b>Steven Guthknecht <\/b><i>is a member of the firm Qualiens.<br \/>\n<\/i><b>Cyrille Kurzaj <\/b><i>is a member of the firm Kurzaj Modicom.<br \/>\n<\/i><b>Bertrand Lacombe <\/b><i>is a member of the firm Lacombe Avocats.<br \/>\n<\/i><b>Brian Martin <\/b><i>is a member of the law firm Sekri Valentin Zerrouk.<br \/>\n<\/i><b>St\u00e9phanie N\u00e8gre <\/b><i>is a member of the Lerins firm.<br \/>\n<\/i><b>Gregory Prouin <\/b><i>is a member of the firm Mermillon-Rault.<br \/>\n<\/i><b>Michael Taieb <\/b><i>is a member of IC Avocats.<br \/>\n<\/i><b>Baptiste Vaslin <\/b><i>is a member of Kleber Avocats.<br \/>\n<\/i><b>Thomas Verdeil <\/b><i>is a member of Gate Avocats<\/i>.[\/vc_column_text][\/vc_column][\/vc_row][vc_row type=&#8221;in_container&#8221; full_screen_row_position=&#8221;middle&#8221; column_margin=&#8221;default&#8221; equal_height=&#8221;yes&#8221; content_placement=&#8221;middle&#8221; column_direction=&#8221;default&#8221; column_direction_tablet=&#8221;default&#8221; column_direction_phone=&#8221;default&#8221; scene_position=&#8221;center&#8221; top_padding=&#8221;3%&#8221; constrain_group_1=&#8221;yes&#8221; bottom_padding=&#8221;3%&#8221; text_color=&#8221;dark&#8221; text_align=&#8221;left&#8221; row_border_radius=&#8221;none&#8221; row_border_radius_applies=&#8221;bg&#8221; overflow=&#8221;visible&#8221; overlay_strength=&#8221;0.3&#8243; gradient_direction=&#8221;left_to_right&#8221; shape_divider_position=&#8221;bottom&#8221; bg_image_animation=&#8221;none&#8221; gradient_type=&#8221;default&#8221; shape_type=&#8221;&#8221;][vc_column column_padding=&#8221;no-extra-padding&#8221; column_padding_tablet=&#8221;inherit&#8221; column_padding_phone=&#8221;inherit&#8221; column_padding_position=&#8221;all&#8221; column_element_direction_desktop=&#8221;default&#8221; column_element_spacing=&#8221;5px&#8221; desktop_text_alignment=&#8221;default&#8221; tablet_text_alignment=&#8221;default&#8221; phone_text_alignment=&#8221;default&#8221; background_color_opacity=&#8221;1&#8243; background_hover_color_opacity=&#8221;1&#8243; column_backdrop_filter=&#8221;none&#8221; column_shadow=&#8221;none&#8221; column_border_radius=&#8221;none&#8221; column_link_target=&#8221;_self&#8221; column_position=&#8221;default&#8221; gradient_direction=&#8221;left_to_right&#8221; overlay_strength=&#8221;0.3&#8243; width=&#8221;1\/3&#8243; tablet_width_inherit=&#8221;default&#8221; animation_type=&#8221;default&#8221; bg_image_animation=&#8221;none&#8221; border_type=&#8221;simple&#8221; column_border_width=&#8221;none&#8221; column_border_style=&#8221;solid&#8221; column_padding_type=&#8221;default&#8221; gradient_type=&#8221;default&#8221;][image_with_animation image_url=&#8221;3485&#8243; image_size=&#8221;full&#8221; animation_type=&#8221;entrance&#8221; animation=&#8221;None&#8221; animation_movement_type=&#8221;transform_y&#8221; hover_animation=&#8221;none&#8221; alignment=&#8221;&#8221; border_radius=&#8221;none&#8221; box_shadow=&#8221;none&#8221; image_loading=&#8221;default&#8221; max_width=&#8221;custom&#8221; mask_enable=&#8221;true&#8221; mask_size=&#8221;contain&#8221; max_width_custom=&#8221;50%&#8221; max_width_custom_tablet=&#8221;30%&#8221; max_width_custom_phone=&#8221;25%&#8221;][vc_row_inner column_margin=&#8221;default&#8221; column_direction=&#8221;default&#8221; column_direction_tablet=&#8221;default&#8221; column_direction_phone=&#8221;default&#8221; text_align=&#8221;left&#8221; row_position=&#8221;default&#8221; row_position_tablet=&#8221;inherit&#8221; row_position_phone=&#8221;inherit&#8221; overflow=&#8221;visible&#8221; pointer_events=&#8221;all&#8221;][vc_column_inner column_padding=&#8221;no-extra-padding&#8221; column_padding_tablet=&#8221;inherit&#8221; column_padding_phone=&#8221;inherit&#8221; column_padding_position=&#8221;all&#8221; column_element_direction_desktop=&#8221;default&#8221; column_element_spacing=&#8221;default&#8221; desktop_text_alignment=&#8221;default&#8221; tablet_text_alignment=&#8221;default&#8221; phone_text_alignment=&#8221;default&#8221; background_color_opacity=&#8221;1&#8243; background_hover_color_opacity=&#8221;1&#8243; column_backdrop_filter=&#8221;none&#8221; font_color=&#8221;#002643&#8243; column_shadow=&#8221;none&#8221; column_border_radius=&#8221;none&#8221; column_link_target=&#8221;_self&#8221; overflow=&#8221;visible&#8221; gradient_direction=&#8221;left_to_right&#8221; overlay_strength=&#8221;0.3&#8243; width=&#8221;1\/1&#8243; tablet_width_inherit=&#8221;default&#8221; animation_type=&#8221;default&#8221; bg_image_animation=&#8221;none&#8221; border_type=&#8221;simple&#8221; column_border_width=&#8221;none&#8221; column_border_style=&#8221;solid&#8221; column_padding_type=&#8221;default&#8221; gradient_type=&#8221;default&#8221;][vc_column_text css=&#8221;&#8221; el_class=&#8221;med&#8221; text_direction=&#8221;default&#8221;]<strong>Bertrand Lacombe<\/strong><strong><br \/>\n<\/strong>[\/vc_column_text][\/vc_column_inner][\/vc_row_inner][vc_row_inner column_margin=&#8221;5px&#8221; column_direction=&#8221;default&#8221; column_direction_tablet=&#8221;default&#8221; column_direction_phone=&#8221;default&#8221; text_align=&#8221;left&#8221; row_position=&#8221;default&#8221; row_position_tablet=&#8221;inherit&#8221; row_position_phone=&#8221;inherit&#8221; overflow=&#8221;visible&#8221; pointer_events=&#8221;all&#8221;][vc_column_inner column_padding=&#8221;no-extra-padding&#8221; column_padding_tablet=&#8221;inherit&#8221; column_padding_phone=&#8221;inherit&#8221; column_padding_position=&#8221;all&#8221; column_element_direction_desktop=&#8221;default&#8221; column_element_spacing=&#8221;default&#8221; desktop_text_alignment=&#8221;default&#8221; tablet_text_alignment=&#8221;default&#8221; phone_text_alignment=&#8221;default&#8221; background_color_opacity=&#8221;1&#8243; background_hover_color_opacity=&#8221;1&#8243; column_backdrop_filter=&#8221;none&#8221; font_color=&#8221;#7696a5&#8243; column_shadow=&#8221;none&#8221; column_border_radius=&#8221;none&#8221; column_link_target=&#8221;_self&#8221; overflow=&#8221;visible&#8221; gradient_direction=&#8221;left_to_right&#8221; overlay_strength=&#8221;0.3&#8243; width=&#8221;1\/1&#8243; tablet_width_inherit=&#8221;default&#8221; animation_type=&#8221;default&#8221; bg_image_animation=&#8221;none&#8221; border_type=&#8221;simple&#8221; column_border_width=&#8221;none&#8221; column_border_style=&#8221;solid&#8221; column_padding_type=&#8221;default&#8221; gradient_type=&#8221;default&#8221;][vc_column_text css=&#8221;&#8221; text_direction=&#8221;default&#8221;]Lawyer, lecturer in tax law.[\/vc_column_text][\/vc_column_inner][\/vc_row_inner][\/vc_column][vc_column column_padding=&#8221;no-extra-padding&#8221; column_padding_tablet=&#8221;inherit&#8221; column_padding_phone=&#8221;inherit&#8221; column_padding_position=&#8221;all&#8221; column_element_direction_desktop=&#8221;default&#8221; column_element_spacing=&#8221;5px&#8221; desktop_text_alignment=&#8221;default&#8221; tablet_text_alignment=&#8221;default&#8221; phone_text_alignment=&#8221;default&#8221; background_color_opacity=&#8221;1&#8243; background_hover_color_opacity=&#8221;1&#8243; column_backdrop_filter=&#8221;none&#8221; column_shadow=&#8221;none&#8221; column_border_radius=&#8221;none&#8221; column_link_target=&#8221;_self&#8221; column_position=&#8221;default&#8221; gradient_direction=&#8221;left_to_right&#8221; overlay_strength=&#8221;0.3&#8243; width=&#8221;1\/3&#8243; tablet_width_inherit=&#8221;default&#8221; animation_type=&#8221;default&#8221; bg_image_animation=&#8221;none&#8221; border_type=&#8221;simple&#8221; column_border_width=&#8221;none&#8221; column_border_style=&#8221;solid&#8221; column_padding_type=&#8221;default&#8221; gradient_type=&#8221;default&#8221;][\/vc_column][vc_column column_padding=&#8221;no-extra-padding&#8221; column_padding_tablet=&#8221;inherit&#8221; column_padding_phone=&#8221;inherit&#8221; column_padding_position=&#8221;all&#8221; column_element_direction_desktop=&#8221;default&#8221; column_element_spacing=&#8221;default&#8221; desktop_text_alignment=&#8221;default&#8221; tablet_text_alignment=&#8221;default&#8221; phone_text_alignment=&#8221;default&#8221; background_color_opacity=&#8221;1&#8243; background_hover_color_opacity=&#8221;1&#8243; column_backdrop_filter=&#8221;none&#8221; column_shadow=&#8221;none&#8221; column_border_radius=&#8221;none&#8221; column_link_target=&#8221;_self&#8221; column_position=&#8221;default&#8221; gradient_direction=&#8221;left_to_right&#8221; overlay_strength=&#8221;0.3&#8243; width=&#8221;1\/3&#8243; tablet_width_inherit=&#8221;default&#8221; animation_type=&#8221;default&#8221; bg_image_animation=&#8221;none&#8221; border_type=&#8221;simple&#8221; column_border_width=&#8221;none&#8221; column_border_style=&#8221;solid&#8221;][\/vc_column][\/vc_row][vc_row type=&#8221;in_container&#8221; full_screen_row_position=&#8221;middle&#8221; column_margin=&#8221;default&#8221; column_direction=&#8221;default&#8221; column_direction_tablet=&#8221;default&#8221; column_direction_phone=&#8221;default&#8221; scene_position=&#8221;center&#8221; text_color=&#8221;dark&#8221; text_align=&#8221;left&#8221; row_border_radius=&#8221;none&#8221; row_border_radius_applies=&#8221;bg&#8221; overflow=&#8221;visible&#8221; overlay_strength=&#8221;0.3&#8243; gradient_direction=&#8221;left_to_right&#8221; shape_divider_position=&#8221;bottom&#8221; bg_image_animation=&#8221;none&#8221;][vc_column column_padding=&#8221;no-extra-padding&#8221; column_padding_tablet=&#8221;inherit&#8221; column_padding_phone=&#8221;inherit&#8221; column_padding_position=&#8221;all&#8221; column_element_direction_desktop=&#8221;default&#8221; column_element_spacing=&#8221;default&#8221; desktop_text_alignment=&#8221;default&#8221; tablet_text_alignment=&#8221;default&#8221; phone_text_alignment=&#8221;default&#8221; background_color_opacity=&#8221;1&#8243; background_hover_color_opacity=&#8221;1&#8243; column_backdrop_filter=&#8221;none&#8221; column_shadow=&#8221;none&#8221; column_border_radius=&#8221;none&#8221; column_link_target=&#8221;_self&#8221; column_position=&#8221;default&#8221; gradient_direction=&#8221;left_to_right&#8221; overlay_strength=&#8221;0.3&#8243; width=&#8221;1\/1&#8243; tablet_width_inherit=&#8221;default&#8221; animation_type=&#8221;default&#8221; bg_image_animation=&#8221;none&#8221; border_type=&#8221;simple&#8221; column_border_width=&#8221;none&#8221; column_border_style=&#8221;solid&#8221;][nectar_btn size=&#8221;medium&#8221; open_new_tab=&#8221;true&#8221; button_style=&#8221;regular&#8221; button_color_2=&#8221;Extra-Color-3&#8243; icon_family=&#8221;fontawesome&#8221; text=&#8221;Read the article&#8221; url=&#8221;https:\/\/www.lesechos.fr\/idees-debats\/cercle\/opinion-pour-la-stabilite-fiscale-2119559&#8243; icon_fontawesome=&#8221;fa fa-file-pdf-o&#8221; margin_top=&#8221;15px&#8221;][\/vc_column][\/vc_row]\n","protected":false},"excerpt":{"rendered":"<p>[vc_row type=&#8221;full_width_background&#8221; full_screen_row_position=&#8221;middle&#8221; column_margin=&#8221;default&#8221; column_direction=&#8221;default&#8221; column_direction_tablet=&#8221;default&#8221; column_direction_phone=&#8221;default&#8221; bg_color=&#8221;#ffffff&#8221; scene_position=&#8221;center&#8221; text_color=&#8221;dark&#8221; text_align=&#8221;left&#8221; row_border_radius=&#8221;none&#8221; row_border_radius_applies=&#8221;bg&#8221; overflow=&#8221;visible&#8221; overlay_strength=&#8221;0.3&#8243; gradient_direction=&#8221;left_to_right&#8221; shape_divider_position=&#8221;bottom&#8221; bg_image_animation=&#8221;none&#8221; gradient_type=&#8221;default&#8221; shape_type=&#8221;&#8221;][vc_column column_padding=&#8221;no-extra-padding&#8221; column_padding_tablet=&#8221;inherit&#8221; column_padding_phone=&#8221;inherit&#8221; column_padding_position=&#8221;all&#8221; column_element_direction_desktop=&#8221;default&#8221; column_element_spacing=&#8221;default&#8221; centered_text=&#8221;true&#8221; desktop_text_alignment=&#8221;default&#8221; tablet_text_alignment=&#8221;default&#8221; phone_text_alignment=&#8221;default&#8221;&#8230;<\/p>\n","protected":false},"author":1,"featured_media":5573,"comment_status":"closed","ping_status":"open","sticky":false,"template":"","format":"standard","meta":{"footnotes":""},"categories":[55],"tags":[],"class_list":{"0":"post-5571","1":"post","2":"type-post","3":"status-publish","4":"format-standard","5":"has-post-thumbnail","7":"category-publications-in-the-business-press"},"yoast_head":"<!-- This site is optimized with the Yoast SEO plugin v27.5 - https:\/\/yoast.com\/product\/yoast-seo-wordpress\/ -->\n<title>In favour of tax stability - Lacombe Avocats<\/title>\n<meta name=\"description\" content=\"Le Conseil d&#039;\u00c9tat a valid\u00e9 la position exprim\u00e9e en dernier lieu par la doctrine administrative, consistant \u00e0 restreindre le r\u00e9gime de la taxation sur la marge aux seuls cas dans lesquels le bien acquis et le bien revendu conservent la m\u00eame qualification juridique.\" \/>\n<meta name=\"robots\" content=\"index, follow, max-snippet:-1, max-image-preview:large, max-video-preview:-1\" \/>\n<link rel=\"canonical\" href=\"https:\/\/lacombe-avocats.fr\/en\/in-favour-of-tax-stability\/\" \/>\n<meta property=\"og:locale\" content=\"en_US\" \/>\n<meta property=\"og:type\" content=\"article\" \/>\n<meta property=\"og:title\" content=\"In favour of tax stability - Lacombe Avocats\" \/>\n<meta property=\"og:description\" content=\"Le Conseil d&#039;\u00c9tat a valid\u00e9 la position exprim\u00e9e en dernier lieu par la doctrine administrative, consistant \u00e0 restreindre le r\u00e9gime de la taxation sur la marge aux seuls cas dans lesquels le bien acquis et le bien revendu conservent la m\u00eame qualification juridique.\" \/>\n<meta property=\"og:url\" content=\"https:\/\/lacombe-avocats.fr\/en\/in-favour-of-tax-stability\/\" \/>\n<meta property=\"og:site_name\" content=\"Lacombe Avocats\" \/>\n<meta property=\"article:published_time\" content=\"2024-09-18T13:49:12+00:00\" \/>\n<meta property=\"article:modified_time\" content=\"2024-10-02T07:17:52+00:00\" \/>\n<meta property=\"og:image\" content=\"https:\/\/lacombe-avocats.fr\/wp-content\/uploads\/2024\/09\/les-echos-logo.jpg\" \/>\n\t<meta property=\"og:image:width\" content=\"1920\" \/>\n\t<meta property=\"og:image:height\" content=\"1080\" \/>\n\t<meta property=\"og:image:type\" content=\"image\/jpeg\" \/>\n<meta name=\"author\" content=\"WeAreBlow\" \/>\n<meta name=\"twitter:card\" content=\"summary_large_image\" \/>\n<meta name=\"twitter:label1\" content=\"Written by\" \/>\n\t<meta name=\"twitter:data1\" content=\"WeAreBlow\" \/>\n\t<meta name=\"twitter:label2\" content=\"Est. reading time\" \/>\n\t<meta name=\"twitter:data2\" content=\"7 minutes\" \/>\n<script type=\"application\/ld+json\" class=\"yoast-schema-graph\">{\"@context\":\"https:\\\/\\\/schema.org\",\"@graph\":[{\"@type\":\"Article\",\"@id\":\"https:\\\/\\\/lacombe-avocats.fr\\\/en\\\/in-favour-of-tax-stability\\\/#article\",\"isPartOf\":{\"@id\":\"https:\\\/\\\/lacombe-avocats.fr\\\/en\\\/in-favour-of-tax-stability\\\/\"},\"author\":{\"name\":\"WeAreBlow\",\"@id\":\"https:\\\/\\\/lacombe-avocats.fr\\\/en\\\/#\\\/schema\\\/person\\\/43131a6500d6a0f85fbeeea64c4d62ce\"},\"headline\":\"In favour of tax stability\",\"datePublished\":\"2024-09-18T13:49:12+00:00\",\"dateModified\":\"2024-10-02T07:17:52+00:00\",\"mainEntityOfPage\":{\"@id\":\"https:\\\/\\\/lacombe-avocats.fr\\\/en\\\/in-favour-of-tax-stability\\\/\"},\"wordCount\":2420,\"image\":{\"@id\":\"https:\\\/\\\/lacombe-avocats.fr\\\/en\\\/in-favour-of-tax-stability\\\/#primaryimage\"},\"thumbnailUrl\":\"https:\\\/\\\/lacombe-avocats.fr\\\/wp-content\\\/uploads\\\/2024\\\/09\\\/les-echos-logo.jpg\",\"articleSection\":[\"Publications in the business press\"],\"inLanguage\":\"en-US\"},{\"@type\":\"WebPage\",\"@id\":\"https:\\\/\\\/lacombe-avocats.fr\\\/en\\\/in-favour-of-tax-stability\\\/\",\"url\":\"https:\\\/\\\/lacombe-avocats.fr\\\/en\\\/in-favour-of-tax-stability\\\/\",\"name\":\"In favour of tax stability - Lacombe Avocats\",\"isPartOf\":{\"@id\":\"https:\\\/\\\/lacombe-avocats.fr\\\/en\\\/#website\"},\"primaryImageOfPage\":{\"@id\":\"https:\\\/\\\/lacombe-avocats.fr\\\/en\\\/in-favour-of-tax-stability\\\/#primaryimage\"},\"image\":{\"@id\":\"https:\\\/\\\/lacombe-avocats.fr\\\/en\\\/in-favour-of-tax-stability\\\/#primaryimage\"},\"thumbnailUrl\":\"https:\\\/\\\/lacombe-avocats.fr\\\/wp-content\\\/uploads\\\/2024\\\/09\\\/les-echos-logo.jpg\",\"datePublished\":\"2024-09-18T13:49:12+00:00\",\"dateModified\":\"2024-10-02T07:17:52+00:00\",\"author\":{\"@id\":\"https:\\\/\\\/lacombe-avocats.fr\\\/en\\\/#\\\/schema\\\/person\\\/43131a6500d6a0f85fbeeea64c4d62ce\"},\"description\":\"Le Conseil d'\u00c9tat a valid\u00e9 la position exprim\u00e9e en dernier lieu par la doctrine administrative, consistant \u00e0 restreindre le r\u00e9gime de la taxation sur la marge aux seuls cas dans lesquels le bien acquis et le bien revendu conservent la m\u00eame qualification juridique.\",\"breadcrumb\":{\"@id\":\"https:\\\/\\\/lacombe-avocats.fr\\\/en\\\/in-favour-of-tax-stability\\\/#breadcrumb\"},\"inLanguage\":\"en-US\",\"potentialAction\":[{\"@type\":\"ReadAction\",\"target\":[\"https:\\\/\\\/lacombe-avocats.fr\\\/en\\\/in-favour-of-tax-stability\\\/\"]}]},{\"@type\":\"ImageObject\",\"inLanguage\":\"en-US\",\"@id\":\"https:\\\/\\\/lacombe-avocats.fr\\\/en\\\/in-favour-of-tax-stability\\\/#primaryimage\",\"url\":\"https:\\\/\\\/lacombe-avocats.fr\\\/wp-content\\\/uploads\\\/2024\\\/09\\\/les-echos-logo.jpg\",\"contentUrl\":\"https:\\\/\\\/lacombe-avocats.fr\\\/wp-content\\\/uploads\\\/2024\\\/09\\\/les-echos-logo.jpg\",\"width\":1920,\"height\":1080},{\"@type\":\"BreadcrumbList\",\"@id\":\"https:\\\/\\\/lacombe-avocats.fr\\\/en\\\/in-favour-of-tax-stability\\\/#breadcrumb\",\"itemListElement\":[{\"@type\":\"ListItem\",\"position\":1,\"name\":\"Home\",\"item\":\"https:\\\/\\\/lacombe-avocats.fr\\\/en\\\/\"},{\"@type\":\"ListItem\",\"position\":2,\"name\":\"In favour of tax stability\"}]},{\"@type\":\"WebSite\",\"@id\":\"https:\\\/\\\/lacombe-avocats.fr\\\/en\\\/#website\",\"url\":\"https:\\\/\\\/lacombe-avocats.fr\\\/en\\\/\",\"name\":\"Lacombe Avocats\",\"description\":\"Cabinet avocat fiscaliste \u00e0 Toulouse et Paris - droit fiscal\",\"potentialAction\":[{\"@type\":\"SearchAction\",\"target\":{\"@type\":\"EntryPoint\",\"urlTemplate\":\"https:\\\/\\\/lacombe-avocats.fr\\\/en\\\/?s={search_term_string}\"},\"query-input\":{\"@type\":\"PropertyValueSpecification\",\"valueRequired\":true,\"valueName\":\"search_term_string\"}}],\"inLanguage\":\"en-US\"},{\"@type\":\"Person\",\"@id\":\"https:\\\/\\\/lacombe-avocats.fr\\\/en\\\/#\\\/schema\\\/person\\\/43131a6500d6a0f85fbeeea64c4d62ce\",\"name\":\"WeAreBlow\",\"image\":{\"@type\":\"ImageObject\",\"inLanguage\":\"en-US\",\"@id\":\"https:\\\/\\\/secure.gravatar.com\\\/avatar\\\/4fe45c4c426fb5aa4064d00ab9add0ae2ca6ed3b17aeb23f05d9f8cd81f0f6c8?s=96&d=mm&r=g\",\"url\":\"https:\\\/\\\/secure.gravatar.com\\\/avatar\\\/4fe45c4c426fb5aa4064d00ab9add0ae2ca6ed3b17aeb23f05d9f8cd81f0f6c8?s=96&d=mm&r=g\",\"contentUrl\":\"https:\\\/\\\/secure.gravatar.com\\\/avatar\\\/4fe45c4c426fb5aa4064d00ab9add0ae2ca6ed3b17aeb23f05d9f8cd81f0f6c8?s=96&d=mm&r=g\",\"caption\":\"WeAreBlow\"},\"sameAs\":[\"https:\\\/\\\/lacombe-avocats.fr\"],\"url\":\"https:\\\/\\\/lacombe-avocats.fr\\\/en\\\/author\\\/weareblow\\\/\"}]}<\/script>\n<!-- \/ Yoast SEO plugin. -->","yoast_head_json":{"title":"In favour of tax stability - Lacombe Avocats","description":"Le Conseil d'\u00c9tat a valid\u00e9 la position exprim\u00e9e en dernier lieu par la doctrine administrative, consistant \u00e0 restreindre le r\u00e9gime de la taxation sur la marge aux seuls cas dans lesquels le bien acquis et le bien revendu conservent la m\u00eame qualification juridique.","robots":{"index":"index","follow":"follow","max-snippet":"max-snippet:-1","max-image-preview":"max-image-preview:large","max-video-preview":"max-video-preview:-1"},"canonical":"https:\/\/lacombe-avocats.fr\/en\/in-favour-of-tax-stability\/","og_locale":"en_US","og_type":"article","og_title":"In favour of tax stability - Lacombe Avocats","og_description":"Le Conseil d'\u00c9tat a valid\u00e9 la position exprim\u00e9e en dernier lieu par la doctrine administrative, consistant \u00e0 restreindre le r\u00e9gime de la taxation sur la marge aux seuls cas dans lesquels le bien acquis et le bien revendu conservent la m\u00eame qualification juridique.","og_url":"https:\/\/lacombe-avocats.fr\/en\/in-favour-of-tax-stability\/","og_site_name":"Lacombe Avocats","article_published_time":"2024-09-18T13:49:12+00:00","article_modified_time":"2024-10-02T07:17:52+00:00","og_image":[{"width":1920,"height":1080,"url":"https:\/\/lacombe-avocats.fr\/wp-content\/uploads\/2024\/09\/les-echos-logo.jpg","type":"image\/jpeg"}],"author":"WeAreBlow","twitter_card":"summary_large_image","twitter_misc":{"Written by":"WeAreBlow","Est. reading time":"7 minutes"},"schema":{"@context":"https:\/\/schema.org","@graph":[{"@type":"Article","@id":"https:\/\/lacombe-avocats.fr\/en\/in-favour-of-tax-stability\/#article","isPartOf":{"@id":"https:\/\/lacombe-avocats.fr\/en\/in-favour-of-tax-stability\/"},"author":{"name":"WeAreBlow","@id":"https:\/\/lacombe-avocats.fr\/en\/#\/schema\/person\/43131a6500d6a0f85fbeeea64c4d62ce"},"headline":"In favour of tax stability","datePublished":"2024-09-18T13:49:12+00:00","dateModified":"2024-10-02T07:17:52+00:00","mainEntityOfPage":{"@id":"https:\/\/lacombe-avocats.fr\/en\/in-favour-of-tax-stability\/"},"wordCount":2420,"image":{"@id":"https:\/\/lacombe-avocats.fr\/en\/in-favour-of-tax-stability\/#primaryimage"},"thumbnailUrl":"https:\/\/lacombe-avocats.fr\/wp-content\/uploads\/2024\/09\/les-echos-logo.jpg","articleSection":["Publications in the business press"],"inLanguage":"en-US"},{"@type":"WebPage","@id":"https:\/\/lacombe-avocats.fr\/en\/in-favour-of-tax-stability\/","url":"https:\/\/lacombe-avocats.fr\/en\/in-favour-of-tax-stability\/","name":"In favour of tax stability - Lacombe Avocats","isPartOf":{"@id":"https:\/\/lacombe-avocats.fr\/en\/#website"},"primaryImageOfPage":{"@id":"https:\/\/lacombe-avocats.fr\/en\/in-favour-of-tax-stability\/#primaryimage"},"image":{"@id":"https:\/\/lacombe-avocats.fr\/en\/in-favour-of-tax-stability\/#primaryimage"},"thumbnailUrl":"https:\/\/lacombe-avocats.fr\/wp-content\/uploads\/2024\/09\/les-echos-logo.jpg","datePublished":"2024-09-18T13:49:12+00:00","dateModified":"2024-10-02T07:17:52+00:00","author":{"@id":"https:\/\/lacombe-avocats.fr\/en\/#\/schema\/person\/43131a6500d6a0f85fbeeea64c4d62ce"},"description":"Le Conseil d'\u00c9tat a valid\u00e9 la position exprim\u00e9e en dernier lieu par la doctrine administrative, consistant \u00e0 restreindre le r\u00e9gime de la taxation sur la marge aux seuls cas dans lesquels le bien acquis et le bien revendu conservent la m\u00eame qualification juridique.","breadcrumb":{"@id":"https:\/\/lacombe-avocats.fr\/en\/in-favour-of-tax-stability\/#breadcrumb"},"inLanguage":"en-US","potentialAction":[{"@type":"ReadAction","target":["https:\/\/lacombe-avocats.fr\/en\/in-favour-of-tax-stability\/"]}]},{"@type":"ImageObject","inLanguage":"en-US","@id":"https:\/\/lacombe-avocats.fr\/en\/in-favour-of-tax-stability\/#primaryimage","url":"https:\/\/lacombe-avocats.fr\/wp-content\/uploads\/2024\/09\/les-echos-logo.jpg","contentUrl":"https:\/\/lacombe-avocats.fr\/wp-content\/uploads\/2024\/09\/les-echos-logo.jpg","width":1920,"height":1080},{"@type":"BreadcrumbList","@id":"https:\/\/lacombe-avocats.fr\/en\/in-favour-of-tax-stability\/#breadcrumb","itemListElement":[{"@type":"ListItem","position":1,"name":"Home","item":"https:\/\/lacombe-avocats.fr\/en\/"},{"@type":"ListItem","position":2,"name":"In favour of tax stability"}]},{"@type":"WebSite","@id":"https:\/\/lacombe-avocats.fr\/en\/#website","url":"https:\/\/lacombe-avocats.fr\/en\/","name":"Lacombe Avocats","description":"Cabinet avocat fiscaliste \u00e0 Toulouse et Paris - droit fiscal","potentialAction":[{"@type":"SearchAction","target":{"@type":"EntryPoint","urlTemplate":"https:\/\/lacombe-avocats.fr\/en\/?s={search_term_string}"},"query-input":{"@type":"PropertyValueSpecification","valueRequired":true,"valueName":"search_term_string"}}],"inLanguage":"en-US"},{"@type":"Person","@id":"https:\/\/lacombe-avocats.fr\/en\/#\/schema\/person\/43131a6500d6a0f85fbeeea64c4d62ce","name":"WeAreBlow","image":{"@type":"ImageObject","inLanguage":"en-US","@id":"https:\/\/secure.gravatar.com\/avatar\/4fe45c4c426fb5aa4064d00ab9add0ae2ca6ed3b17aeb23f05d9f8cd81f0f6c8?s=96&d=mm&r=g","url":"https:\/\/secure.gravatar.com\/avatar\/4fe45c4c426fb5aa4064d00ab9add0ae2ca6ed3b17aeb23f05d9f8cd81f0f6c8?s=96&d=mm&r=g","contentUrl":"https:\/\/secure.gravatar.com\/avatar\/4fe45c4c426fb5aa4064d00ab9add0ae2ca6ed3b17aeb23f05d9f8cd81f0f6c8?s=96&d=mm&r=g","caption":"WeAreBlow"},"sameAs":["https:\/\/lacombe-avocats.fr"],"url":"https:\/\/lacombe-avocats.fr\/en\/author\/weareblow\/"}]}},"_links":{"self":[{"href":"https:\/\/lacombe-avocats.fr\/en\/wp-json\/wp\/v2\/posts\/5571","targetHints":{"allow":["GET"]}}],"collection":[{"href":"https:\/\/lacombe-avocats.fr\/en\/wp-json\/wp\/v2\/posts"}],"about":[{"href":"https:\/\/lacombe-avocats.fr\/en\/wp-json\/wp\/v2\/types\/post"}],"author":[{"embeddable":true,"href":"https:\/\/lacombe-avocats.fr\/en\/wp-json\/wp\/v2\/users\/1"}],"replies":[{"embeddable":true,"href":"https:\/\/lacombe-avocats.fr\/en\/wp-json\/wp\/v2\/comments?post=5571"}],"version-history":[{"count":4,"href":"https:\/\/lacombe-avocats.fr\/en\/wp-json\/wp\/v2\/posts\/5571\/revisions"}],"predecessor-version":[{"id":5590,"href":"https:\/\/lacombe-avocats.fr\/en\/wp-json\/wp\/v2\/posts\/5571\/revisions\/5590"}],"wp:featuredmedia":[{"embeddable":true,"href":"https:\/\/lacombe-avocats.fr\/en\/wp-json\/wp\/v2\/media\/5573"}],"wp:attachment":[{"href":"https:\/\/lacombe-avocats.fr\/en\/wp-json\/wp\/v2\/media?parent=5571"}],"wp:term":[{"taxonomy":"category","embeddable":true,"href":"https:\/\/lacombe-avocats.fr\/en\/wp-json\/wp\/v2\/categories?post=5571"},{"taxonomy":"post_tag","embeddable":true,"href":"https:\/\/lacombe-avocats.fr\/en\/wp-json\/wp\/v2\/tags?post=5571"}],"curies":[{"name":"wp","href":"https:\/\/api.w.org\/{rel}","templated":true}]}}